{"id":1837,"date":"2018-11-21T17:36:52","date_gmt":"2018-11-21T17:36:52","guid":{"rendered":"http:\/\/lamaisondemarine.fr\/blog\/?p=1837"},"modified":"2018-11-21T17:36:52","modified_gmt":"2018-11-21T17:36:52","slug":"ventes-privees-de-noel","status":"publish","type":"post","link":"https:\/\/nerima.fr\/blog\/ventes-privees-de-noel\/","title":{"rendered":"Ventes priv\u00e9es de No\u00ebl !!!"},"content":{"rendered":"<p>Les<strong> f\u00eates de No\u00eb<\/strong>l approchent et vous souhaitez offrir de<strong> beaux cadeaux<\/strong> utiles et de qualit\u00e9 \u00e0 votre entourage. Du beau <a href=\"http:\/\/www.lamaisondemarine.fr\" title=\"La Maison de Marine\"><strong>linge de maison<\/strong><\/a> fera plaisir \u00e0 tous.<br \/>\n<strong><a target=\"_blank\" href=\"http:\/\/www.lamaisondemarine.fr\/index.php?id_category=13&amp;controller=category\" title=\"C\u00f4t\u00e9 table\">C\u00f4t\u00e9 table,<\/a> <a target=\"_blank\" href=\"http:\/\/www.lamaisondemarine.fr\/index.php?id_category=14&amp;controller=category\" title=\"C\u00f4t\u00e9 bain\">c\u00f4t\u00e9 bain<\/a> ou <a target=\"_blank\" href=\"http:\/\/www.lamaisondemarine.fr\/index.php?id_category=33&amp;controller=category\" title=\"C\u00f4t\u00e9 lit\">c\u00f4t\u00e9 lit,<\/a><\/strong> choisissez l&rsquo;univers de chacun !<\/p>\n<p>Afin de vous aider \u00e0 g\u00e2ter vos proches tout en restant raisonnable, nous vous faisons profiter de<a href=\"http:\/\/www.lamaisondemarine.fr\/index.php?id_category=40&amp;controller=category\" title=\"Les promotions\"><strong> promotions<\/strong> <\/a>valables sur le site <strong><a href=\"http:\/\/www.lamaisondemarine.fr\" title=\"La Maison de Marine\">www.lamaisondemarine.fr<\/a><\/strong>, mais \u00e9galement au<strong> Show Room bordelais<\/strong> tous les <strong>mercredi et samedi de 14H \u00e0 18H du 28 Novembre au 22 D\u00e9cembre<\/strong> ou sur<strong> Rdv<\/strong> quand vous le souhaitez &#8230;<\/p>\n<p>Venez nombreux et invitez vos amis, vous serez alors r\u00e9mun\u00e9r\u00e9s en <strong>bon d&rsquo;achat<\/strong> !<br \/>\nPensez aussi aux bons cadeaux La Maison de Marine, si vous pr\u00e9f\u00e9rez laisser le choix \u00e0 la personne \u00e0 qui vous l&rsquo;offrez &#8230;<\/p>\n<p>Profitez de <strong><a target=\"_blank\" href=\"http:\/\/www.lamaisondemarine.fr\/index.php?id_category=40&amp;controller=category\" title=\"Les promotions\">-30%<\/a> sur une s\u00e9lection d&rsquo;articles.<br \/>\n<\/strong><\/p>\n<p><a href=\"http:\/\/www.lamaisondemarine.fr\/index.php?id_category=47&amp;controller=category\" title=\"Linge de bain Cap Ferret\"><strong>Les fins de s\u00e9rie<\/strong><\/a> de la collection \u00e9ponge <strong><a href=\"http:\/\/www.lamaisondemarine.fr\/index.php?id_category=47&amp;controller=category\" title=\"Linge de bain Cap Ferret\">Cap Ferret <\/a>:<br \/>\n<\/strong><\/p>\n<p>La collection \u00ab\u00a0Cap Ferret\u00a0\u00bb est id\u00e9ale tant \u00e0 l&rsquo;int\u00e9rieur qu&rsquo;\u00e0 l&rsquo;ext\u00e9rieur.<\/p>\n<p>On l&rsquo;adopte aussi bien pour la\u00a0<strong>salle de bain<\/strong>, que pour le<strong>\u00a0spa<\/strong>, la\u00a0<strong>piscine<\/strong>, la\u00a0<strong>plage<\/strong>, et on l&rsquo;adore en\u00a0<strong>voyage<\/strong>&#8230;<\/p>\n<p>Peu encombrant et grand (100&#215;200), tr\u00e8s styl\u00e9 avec ses franges, on emm\u00e8ne son drap partout.<\/p>\n<p>Son grammage peu \u00e9lev\u00e9 (<strong>280 g\/m\u00b2<\/strong>) en fait un produit l\u00e9ger et s\u00e9chant rapidement.<\/p>\n<p>Pour la salle de bain, une <strong>gamme compl\u00e8te<\/strong> : <em>draps de bain, serviettes, invit\u00e9es, gants et tapis de bain.<\/em><\/p>\n<p><a href=\"http:\/\/www.lamaisondemarine.fr\/index.php?id_category=47&amp;controller=category\" title=\"Linge de bain Cap Ferret\"><img loading=\"lazy\" decoding=\"async\" class=\"aligncenter size-large wp-image-1840\" src=\"https:\/\/nerima.fr\/blog\/wp-content\/uploads\/2018\/11\/COLLECTION-BULLE-1024x680.jpg\" alt=\"COLLECTION BULLE\" width=\"980\" height=\"651\" \/><\/a> <a href=\"http:\/\/www.lamaisondemarine.fr\/index.php?id_category=47&amp;controller=category\" title=\"Linge de bain Cap Ferret\"><img loading=\"lazy\" decoding=\"async\" class=\"aligncenter size-large wp-image-1841\" src=\"https:\/\/nerima.fr\/blog\/wp-content\/uploads\/2018\/11\/FUSCHIA-1024x680.jpg\" alt=\"FUSCHIA\" width=\"980\" height=\"651\" \/><\/a> <a href=\"http:\/\/www.lamaisondemarine.fr\/index.php?id_category=47&amp;controller=category\" title=\"Linge de bain Cap Ferret\"><img loading=\"lazy\" decoding=\"async\" class=\"aligncenter size-large wp-image-1842\" src=\"https:\/\/nerima.fr\/blog\/wp-content\/uploads\/2018\/11\/ORANGE-1024x680.jpg\" alt=\"ORANGE\" width=\"980\" height=\"651\" \/><\/a> <a href=\"http:\/\/www.lamaisondemarine.fr\/index.php?id_category=47&amp;controller=category\" title=\"Linge de bain Cap Ferret\"><img loading=\"lazy\" decoding=\"async\" class=\"aligncenter size-large wp-image-1843\" src=\"https:\/\/nerima.fr\/blog\/wp-content\/uploads\/2018\/11\/PISTACHE-1024x680.jpg\" alt=\"PISTACHE\" width=\"980\" height=\"651\" \/><\/a><\/p>\n<p>Les coloris<strong> anthracite et framboise<\/strong> de la collection de<strong><a href=\"http:\/\/www.lamaisondemarine.fr\/index.php?id_category=37&amp;controller=category\" title=\"Linge de lit en lin lav\u00e9\"> linge de lit en Lin lav\u00e9<\/a> :<br \/>\n<\/strong><\/p>\n<div id=\"short_description_content\" class=\"rte align_justify\">\n<p>Un m\u00e9lange unique d&rsquo;authenticit\u00e9, de confort et d&rsquo;\u00e9l\u00e9gance.<\/p>\n<p>Le lin lav\u00e9 est <strong>l\u00e9ger, frais en \u00e9t\u00e9 et confortable en hiver<\/strong>&#8230; Facile \u00e0 vivre, l\u00e9g\u00e8rement froiss\u00e9, puisqu&rsquo;il ne se repasse pas, et lav\u00e9 pour plus de douceur, de souplesse et de modernit\u00e9, il <strong>s&rsquo;assouplit<\/strong> et <strong>s&#8217;embellit<\/strong> au fil du temps. Son caract\u00e8re brut est tr\u00e8s tendance.<\/p>\n<p>Appr\u00e9ci\u00e9 pour <strong>l&rsquo;\u00e9l\u00e9gance<\/strong> de son aspect l\u00e9g\u00e8rement froiss\u00e9, le lin lav\u00e9, d&rsquo;une grande souplesse, vous entoure de son extr\u00eame douceur&#8230;<\/p>\n<p>Quel d\u00e9lice de se glisser sous un drap en lin : cette mati\u00e8re <strong>naturelle<\/strong>, <strong>vivante<\/strong> et <strong>sensuelle<\/strong> par excellence ravira tous vos sens.<\/p>\n<p>Cette parure de lit en <strong>pur lin lav\u00e9 gris anthracite<\/strong> est parfaite pour donner une touche <strong>tendance<\/strong> et <strong>moderne<\/strong> \u00e0 la d\u00e9co de votre chambre.<\/p>\n<p>&nbsp;<\/p>\n<\/div>\n<p><a href=\"http:\/\/www.lamaisondemarine.fr\/index.php?id_category=37&amp;controller=category\" title=\"Linge de lit en lin lav\u00e9\"><img loading=\"lazy\" decoding=\"async\" class=\"aligncenter size-large wp-image-551\" src=\"https:\/\/nerima.fr\/blog\/wp-content\/uploads\/2016\/11\/6-683x1024.jpg\" alt=\"Lin lav\u00e9 anthracite et gris perle\" width=\"683\" height=\"1024\" \/><\/a><\/p>\n<p>La couleur<strong>\u00a0framboise<\/strong>\u00a0donnera une touche <strong>fruit\u00e9\u00a0<\/strong>et <strong>tendance\u00a0<\/strong>\u00e0 votre chambre. En <strong>pur lin lav\u00e9<\/strong>, la <strong>souplesse<\/strong> et la douceur de ce tissu noble procurent confort et modernit\u00e9&#8230;<\/p>\n<p><a href=\"http:\/\/www.lamaisondemarine.fr\/index.php?id_category=37&amp;controller=category\" title=\"Linge de lit en lin lav\u00e9\"><img loading=\"lazy\" decoding=\"async\" class=\"aligncenter size-large wp-image-1846\" src=\"https:\/\/nerima.fr\/blog\/wp-content\/uploads\/2018\/11\/IMG_2011-683x1024.jpg\" alt=\"Lin lav\u00e9 framboise\" width=\"683\" height=\"1024\" \/><\/a><\/p>\n<p><strong><a href=\"http:\/\/www.lamaisondemarine.fr\/index.php?id_category=89&amp;controller=category\" title=\"Linge de lit en percale\"> Le linge de lit en Percale<\/a> :<br \/>\n<\/strong><\/p>\n<p>La <b>percale<\/b> est un tissu de <strong>coton<\/strong> tr\u00e8s fin de <strong>qualit\u00e9 sup\u00e9rieure<\/strong>.<span class=\"ILfuVd NA6bn\"> Elle est constitu\u00e9e de fils de <b>coton<\/b> longs et tr\u00e8s fins et elle<\/span> est tr\u00e8s appr\u00e9ci\u00e9e en literie pour son<strong> toucher lisse, soyeux et doux<\/strong>.<\/p>\n<p><span class=\"ILfuVd NA6bn\">N<\/span>otre percale contient <strong>200 <span class=\"ILfuVd NA6bn\">fils\/cm\u00b2 <\/span><\/strong><span class=\"ILfuVd NA6bn\">(le maximum existant)<\/span>, ce qui lui conf\u00e8re une qualit\u00e9 et un <strong>confort<\/strong> exceptionnels, caract\u00e9ristique du linge de lit <strong>tr\u00e8s haut de gamme<\/strong>.<\/p>\n<p>Nous vous proposons<strong> trois coloris<\/strong>, bleu mer, blanc et sable.<\/p>\n<p><a href=\"http:\/\/www.lamaisondemarine.fr\/index.php?id_category=89&amp;controller=category\" title=\"Linge de lit en percale\"><img loading=\"lazy\" decoding=\"async\" class=\"aligncenter size-large wp-image-1727\" src=\"https:\/\/nerima.fr\/blog\/wp-content\/uploads\/2018\/09\/MADURA-Madura-sabana-bajera-Aurore-algodon-blanco-140-x-200-cm-21997633-1024x1024.jpg\" alt=\"Linge de lit en percale blanc\" width=\"980\" height=\"980\" \/><\/a><\/p>\n<p><strong><a href=\"http:\/\/www.lamaisondemarine.fr\/index.php?id_category=57&amp;controller=category\" title=\"Linge de bain Pays Basque\">Le linge de bain Pays Basque :<\/a><br \/>\n<\/strong><\/p>\n<div>\n<p>La collection \u00ab\u00a0Pays Basque\u00a0\u00bb porte les<strong> 7 rayures<\/strong> des 7 provinces basques.<\/p>\n<\/div>\n<p>Elle est tiss\u00e9e en<strong>\u00a0qualit\u00e9 \u00ab\u00a0longue soie\u00a0\u00bb\u00a0<\/strong>ou \u00ab\u00a0fil classique\u00a0\u00bb qui fournit une fibre longue et fine, caract\u00e9ristique des cotonnades haut de gamme.<\/p>\n<div>\n<div>\n<p>Son grammage est \u00e9lev\u00e9 pour plus de<strong> confort<\/strong> (<strong>550 gr\/m\u00b2<\/strong>) et ses teintures sont garanties grand teint.<\/p>\n<\/div>\n<div>Alors vous <strong>craquez<\/strong> pour le rouge, le gris ou les deux ?<\/div>\n<div><\/div>\n<div><\/div>\n<div><\/div>\n<div><\/div>\n<\/div>\n<p><a href=\"http:\/\/www.lamaisondemarine.fr\/index.php?id_category=57&amp;controller=category\" title=\"Linge de bain Pays Basque\"><img loading=\"lazy\" decoding=\"async\" class=\"aligncenter size-large wp-image-631\" src=\"https:\/\/nerima.fr\/blog\/wp-content\/uploads\/2016\/12\/IMG_1459-1024x683.jpg\" alt=\"Linge de bain Pays Basque rouge\" width=\"980\" height=\"654\" \/><\/a><\/p>\n<p><a href=\"http:\/\/www.lamaisondemarine.fr\/index.php?id_category=57&amp;controller=category\" title=\"Linge de bain Pays Basque\"><img loading=\"lazy\" decoding=\"async\" class=\"aligncenter size-large wp-image-1762\" src=\"https:\/\/nerima.fr\/blog\/wp-content\/uploads\/2018\/09\/IMG_1330-1024x834.jpg\" alt=\"Linge de bain Pays Basque anthracite\" width=\"980\" height=\"798\" \/><\/a><\/p>\n<p>Vous \u00eates s\u00e9duits ? Alors <strong>Rdv<\/strong> tr\u00e8s vite sur le site<a href=\"http:\/\/www.lamaisondemarine.fr\" title=\"La Maison de Marine\"><strong> www.lamaisondemarine.fr<\/strong><\/a> ou au <strong>Show Room<\/strong> bordelais !<\/p>\n<p>A tr\u00e8s bient\u00f4t &#8230;<\/p>\n<p>Marine<\/p>\n","protected":false},"excerpt":{"rendered":"<p>Les f\u00eates de No\u00ebl approchent et vous souhaitez offrir de beaux cadeaux utiles et de qualit\u00e9 \u00e0 votre entourage. Du beau linge de maison fera plaisir \u00e0 tous. C\u00f4t\u00e9 table, c\u00f4t\u00e9 bain ou c\u00f4t\u00e9 lit, choisissez l&rsquo;univers de chacun ! Afin de vous aider \u00e0 g\u00e2ter vos proches tout en restant raisonnable, nous vous faisons [&hellip;]<\/p>\n","protected":false},"author":2,"featured_media":647,"comment_status":"open","ping_status":"open","sticky":false,"template":"","format":"standard","meta":{"footnotes":""},"categories":[8,14,17],"tags":[172,208,209,210,213,250,293,366],"class_list":["post-1837","post","type-post","status-publish","format-standard","has-post-thumbnail","hentry","category-idees-cadeaux","category-linge-de-maison","category-promotions","tag-idees-cadeaux","tag-linge-de-bain","tag-linge-de-lit","tag-linge-de-maison","tag-linge-de-table","tag-noel","tag-promotions","tag-ventes-privees","has-post-title","has-post-date","has-post-category","has-post-tag","has-post-comment","has-post-author",""],"builder_content":"","_links":{"self":[{"href":"https:\/\/nerima.fr\/blog\/wp-json\/wp\/v2\/posts\/1837","targetHints":{"allow":["GET"]}}],"collection":[{"href":"https:\/\/nerima.fr\/blog\/wp-json\/wp\/v2\/posts"}],"about":[{"href":"https:\/\/nerima.fr\/blog\/wp-json\/wp\/v2\/types\/post"}],"author":[{"embeddable":true,"href":"https:\/\/nerima.fr\/blog\/wp-json\/wp\/v2\/users\/2"}],"replies":[{"embeddable":true,"href":"https:\/\/nerima.fr\/blog\/wp-json\/wp\/v2\/comments?post=1837"}],"version-history":[{"count":0,"href":"https:\/\/nerima.fr\/blog\/wp-json\/wp\/v2\/posts\/1837\/revisions"}],"wp:featuredmedia":[{"embeddable":true,"href":"https:\/\/nerima.fr\/blog\/wp-json\/"}],"wp:attachment":[{"href":"https:\/\/nerima.fr\/blog\/wp-json\/wp\/v2\/media?parent=1837"}],"wp:term":[{"taxonomy":"category","embeddable":true,"href":"https:\/\/nerima.fr\/blog\/wp-json\/wp\/v2\/categories?post=1837"},{"taxonomy":"post_tag","embeddable":true,"href":"https:\/\/nerima.fr\/blog\/wp-json\/wp\/v2\/tags?post=1837"}],"curies":[{"name":"wp","href":"https:\/\/api.w.org\/{rel}","templated":true}]}}