{"id":1909,"date":"2019-01-15T10:02:36","date_gmt":"2019-01-15T10:02:36","guid":{"rendered":"http:\/\/lamaisondemarine.fr\/blog\/?p=1909"},"modified":"2019-01-15T10:02:36","modified_gmt":"2019-01-15T10:02:36","slug":"on-profite-des-soldes","status":"publish","type":"post","link":"https:\/\/nerima.fr\/blog\/on-profite-des-soldes\/","title":{"rendered":"On profite des Soldes !"},"content":{"rendered":"<p>Vous les avez attendues avec impatience, les<a target=\"_blank\" href=\"http:\/\/www.lamaisondemarine.fr\/index.php?id_category=40&amp;controller=category\" title=\"Soldes\"><strong> Soldes<\/strong><\/a> sont l\u00e0 <strong>jusqu&rsquo;\u00e0 -50%<\/strong>, mais il va falloir faire vite, car il y a peu de pi\u00e8ces, alors rendez-vous sur <a target=\"_blank\" href=\"http:\/\/www.lamaisondemarine.fr\" title=\"La Maison de Marine\"><strong>www.lamaisondemarine.fr !<\/strong><\/a><\/p>\n<p>Alors \u00e0 vos marques, pr\u00eats, partez !!!<\/p>\n<p><a target=\"_blank\" href=\"http:\/\/www.lamaisondemarine.fr\/index.php?id_category=40&amp;controller=category\" title=\"Soldes\"><img loading=\"lazy\" decoding=\"async\" class=\"aligncenter size-full wp-image-1913\" src=\"https:\/\/nerima.fr\/blog\/wp-content\/uploads\/2019\/01\/soldes-ok.jpg\" alt=\"Soldes\" width=\"900\" height=\"500\" \/><\/a><\/p>\n<div class=\"text_exposed_show\">\n<p>Profitez de<strong> -50%<\/strong> sur les fins de s\u00e9rie de la collection \u00e9ponge <strong>Cap Ferret<\/strong> et sur la <strong>Percale<\/strong> et de<strong> -30%<\/strong> sur les coloris curry, lagon et framboise de la collection de<strong> linge de lit en Lin lav\u00e9<\/strong>, ainsi que sur le<strong> linge de bain Pays Basque<\/strong>.<\/p>\n<\/div>\n<p>&nbsp;<\/p>\n<p><a target=\"_blank\" href=\"http:\/\/www.lamaisondemarine.fr\/index.php?id_category=47&amp;controller=category\" title=\"Linge de bain Cap Ferret\"><strong>Les fins de s\u00e9rie<\/strong><\/a> de la collection \u00e9ponge <strong><a target=\"_blank\" href=\"http:\/\/www.lamaisondemarine.fr\/index.php?id_category=47&amp;controller=category\" title=\"Linge de bain Cap Ferret\">Cap Ferret<\/a> \u00e0 -50% :<br \/>\n<\/strong><\/p>\n<p>La collection \u00ab\u00a0Cap Ferret\u00a0\u00bb est id\u00e9ale tant \u00e0 l&rsquo;int\u00e9rieur qu&rsquo;\u00e0 l&rsquo;ext\u00e9rieur.<\/p>\n<p>On l&rsquo;adopte aussi bien pour la\u00a0<strong>salle de bain<\/strong>, que pour le<strong>\u00a0spa<\/strong>, la\u00a0<strong>piscine<\/strong>, la\u00a0<strong>plage<\/strong>, et on l&rsquo;adore en\u00a0<strong>voyage<\/strong>&#8230;<\/p>\n<p>Peu encombrant et grand (100&#215;200), tr\u00e8s styl\u00e9 avec ses franges, on emm\u00e8ne son drap partout.<\/p>\n<p>Son grammage peu \u00e9lev\u00e9 (<strong>280 g\/m\u00b2<\/strong>) en fait un produit l\u00e9ger et s\u00e9chant rapidement.<\/p>\n<p>Pour la salle de bain, une <strong>gamme compl\u00e8te<\/strong> : <em>draps de bain, serviettes, invit\u00e9es, gants et tapis de bain.<\/em><\/p>\n<p><a target=\"_blank\" href=\"http:\/\/www.lamaisondemarine.fr\/index.php?id_category=47&amp;controller=category\" title=\"Linge de bain Cap Ferret\"><img loading=\"lazy\" decoding=\"async\" class=\"aligncenter size-large wp-image-1840\" src=\"https:\/\/nerima.fr\/blog\/wp-content\/uploads\/2018\/11\/COLLECTION-BULLE-1024x680.jpg\" alt=\"COLLECTION BULLE\" width=\"980\" height=\"651\" \/><\/a> <a target=\"_blank\" href=\"http:\/\/www.lamaisondemarine.fr\/index.php?id_category=47&amp;controller=category\" title=\"Linge de bain Cap Ferret\"><img loading=\"lazy\" decoding=\"async\" class=\"aligncenter size-large wp-image-1841\" src=\"https:\/\/nerima.fr\/blog\/wp-content\/uploads\/2018\/11\/FUSCHIA-1024x680.jpg\" alt=\"FUSCHIA\" width=\"980\" height=\"651\" \/><\/a> <a target=\"_blank\" href=\"http:\/\/www.lamaisondemarine.fr\/index.php?id_category=47&amp;controller=category\" title=\"Linge de bain Cap Ferret\"><img loading=\"lazy\" decoding=\"async\" class=\"aligncenter size-large wp-image-1842\" src=\"https:\/\/nerima.fr\/blog\/wp-content\/uploads\/2018\/11\/ORANGE-1024x680.jpg\" alt=\"ORANGE\" width=\"980\" height=\"651\" \/><\/a> <a target=\"_blank\" href=\"http:\/\/www.lamaisondemarine.fr\/index.php?id_category=47&amp;controller=category\" title=\"Linge de bain Cap Ferret\"><img loading=\"lazy\" decoding=\"async\" class=\"aligncenter size-large wp-image-1843\" src=\"https:\/\/nerima.fr\/blog\/wp-content\/uploads\/2018\/11\/PISTACHE-1024x680.jpg\" alt=\"PISTACHE\" width=\"980\" height=\"651\" \/><\/a><\/p>\n<p>Les coloris<strong> curry, lagon et framboise<\/strong> de la collection de<strong><a target=\"_blank\" href=\"http:\/\/www.lamaisondemarine.fr\/index.php?id_category=37&amp;controller=category\" title=\"Linge de lit en lin lav\u00e9\"> linge de lit en Lin lav\u00e9<\/a> \u00e0 -30% :<br \/>\n<\/strong><\/p>\n<div id=\"short_description_content\" class=\"rte align_justify\">\n<p>Un m\u00e9lange unique d&rsquo;authenticit\u00e9, de confort et d&rsquo;\u00e9l\u00e9gance.<\/p>\n<p>Le lin lav\u00e9 est <strong>l\u00e9ger, frais en \u00e9t\u00e9 et confortable en hiver<\/strong>&#8230; Facile \u00e0 vivre, l\u00e9g\u00e8rement froiss\u00e9, puisqu&rsquo;il ne se repasse pas, et lav\u00e9 pour plus de douceur, de souplesse et de modernit\u00e9, il <strong>s&rsquo;assouplit<\/strong> et <strong>s&#8217;embellit<\/strong> au fil du temps. Son caract\u00e8re brut est tr\u00e8s tendance.<\/p>\n<p>Appr\u00e9ci\u00e9 pour <strong>l&rsquo;\u00e9l\u00e9gance<\/strong> de son aspect l\u00e9g\u00e8rement froiss\u00e9, le lin lav\u00e9, d&rsquo;une grande souplesse, vous entoure de son extr\u00eame douceur&#8230;<\/p>\n<p>Quel d\u00e9lice de se glisser sous un drap en lin : cette mati\u00e8re <strong>naturelle<\/strong>, <strong>vivante<\/strong> et <strong>sensuelle<\/strong> par excellence ravira tous vos sens.<\/p>\n<p>Cette parure de lit en <a target=\"_blank\" href=\"http:\/\/www.lamaisondemarine.fr\/index.php?id_product=915&amp;controller=product\" title=\"Linge de lit en lin lav\u00e9\"><strong>pur lin lav\u00e9 curry<\/strong><\/a> est parfaite pour donner une touche <strong>tendance<\/strong> et <strong>moderne<\/strong> \u00e0 la d\u00e9co de votre chambre.<\/p>\n<p><a target=\"_blank\" href=\"http:\/\/www.lamaisondemarine.fr\/index.php?id_product=915&amp;controller=product\" title=\"Linge de lit en lin lav\u00e9\"><img loading=\"lazy\" decoding=\"async\" class=\"aligncenter size-large wp-image-575\" src=\"https:\/\/nerima.fr\/blog\/wp-content\/uploads\/2016\/11\/DSC00220-1024x683.jpg\" alt=\"Lin lav\u00e9 curry\" width=\"980\" height=\"654\" \/><\/a><\/p>\n<p>Le linge de lit en<a target=\"_blank\" href=\"http:\/\/www.lamaisondemarine.fr\/index.php?id_product=730&amp;controller=product\" title=\"Linge de lit en lin lav\u00e9\"><strong> lin lav\u00e9 lagon<\/strong> <\/a>apportera une ambiance de bord de mer dans votre chambre et vous permettra de vous \u00e9vader.<\/p>\n<p>&nbsp;<\/p>\n<\/div>\n<p><a target=\"_blank\" href=\"http:\/\/www.lamaisondemarine.fr\/index.php?id_product=730&amp;controller=product\" title=\"Linge de lit en lin lav\u00e9\"><img loading=\"lazy\" decoding=\"async\" class=\"aligncenter size-large wp-image-576\" src=\"https:\/\/nerima.fr\/blog\/wp-content\/uploads\/2016\/11\/DSC00221-1024x683.jpg\" alt=\"Lin lav\u00e9 lagon\" width=\"980\" height=\"654\" \/><\/a><\/p>\n<p>La couleur<a target=\"_blank\" href=\"http:\/\/www.lamaisondemarine.fr\/index.php?id_product=720&amp;controller=product\" title=\"Linge de lit en lin lav\u00e9\"><strong>\u00a0framboise<\/strong><\/a>\u00a0donnera une touche <strong>fruit\u00e9\u00a0<\/strong>et <strong>tendance\u00a0<\/strong>\u00e0 votre chambre. En <strong>pur lin lav\u00e9<\/strong>, la <strong>souplesse<\/strong> et la douceur de ce tissu noble procurent confort et modernit\u00e9&#8230;<\/p>\n<p><a target=\"_blank\" href=\"http:\/\/www.lamaisondemarine.fr\/index.php?id_product=720&amp;controller=product\" title=\"Linge de lit en lin lav\u00e9\"><img loading=\"lazy\" decoding=\"async\" class=\"aligncenter size-large wp-image-579\" src=\"https:\/\/nerima.fr\/blog\/wp-content\/uploads\/2016\/11\/DSC00224-1024x683.jpg\" alt=\"Lin lav\u00e9 framboise\" width=\"980\" height=\"654\" \/><\/a><\/p>\n<p><strong><a target=\"_blank\" href=\"http:\/\/www.lamaisondemarine.fr\/index.php?id_category=89&amp;controller=category\" title=\"Linge de lit en percale\"> Le linge de lit en Percale<\/a> \u00e0 -50% :<br \/>\n<\/strong><\/p>\n<p>La <b>percale<\/b> est un tissu de <strong>coton<\/strong> tr\u00e8s fin de <strong>qualit\u00e9 sup\u00e9rieure<\/strong>.<span class=\"ILfuVd NA6bn\"> Elle est constitu\u00e9e de fils de <b>coton<\/b> longs et tr\u00e8s fins et elle<\/span> est tr\u00e8s appr\u00e9ci\u00e9e en literie pour son<strong> toucher lisse, soyeux et doux<\/strong>.<\/p>\n<p><span class=\"ILfuVd NA6bn\">N<\/span>otre percale contient <strong>200 <span class=\"ILfuVd NA6bn\">fils\/cm\u00b2 <\/span><\/strong><span class=\"ILfuVd NA6bn\">(le maximum existant)<\/span>, ce qui lui conf\u00e8re une qualit\u00e9 et un <strong>confort<\/strong> exceptionnels, caract\u00e9ristique du linge de lit <strong>tr\u00e8s haut de gamme<\/strong>.<\/p>\n<p>Nous vous proposons<strong> trois coloris<\/strong>, bleu mer, blanc et sable.<\/p>\n<p><a target=\"_blank\" href=\"http:\/\/www.lamaisondemarine.fr\/index.php?id_category=89&amp;controller=category\" title=\"Linge de lit en percale\"><img loading=\"lazy\" decoding=\"async\" class=\"aligncenter size-large wp-image-1727\" src=\"https:\/\/nerima.fr\/blog\/wp-content\/uploads\/2018\/09\/MADURA-Madura-sabana-bajera-Aurore-algodon-blanco-140-x-200-cm-21997633-1024x1024.jpg\" alt=\"Linge de lit en percale blanc\" width=\"980\" height=\"980\" \/><\/a><\/p>\n<p><strong><a target=\"_blank\" href=\"http:\/\/www.lamaisondemarine.fr\/index.php?id_category=57&amp;controller=category\" title=\"Linge de bain Pays Basque\">Le linge de bain Pays Basque<\/a> \u00e0 -30% :<br \/>\n<\/strong><\/p>\n<div>\n<p>La collection \u00ab\u00a0Pays Basque\u00a0\u00bb porte les<strong> 7 rayures<\/strong> des 7 provinces basques.<\/p>\n<\/div>\n<p>Elle est tiss\u00e9e en<strong>\u00a0qualit\u00e9 \u00ab\u00a0longue soie\u00a0\u00bb\u00a0<\/strong>ou \u00ab\u00a0fil classique\u00a0\u00bb qui fournit une fibre longue et fine, caract\u00e9ristique des cotonnades haut de gamme.<\/p>\n<div>\n<div>\n<p>Son grammage est \u00e9lev\u00e9 pour plus de<strong> confort<\/strong> (<strong>550 gr\/m\u00b2<\/strong>) et ses teintures sont garanties grand teint.<\/p>\n<p>&nbsp;<\/p>\n<\/div>\n<div>Alors vous <strong>craquez<\/strong> pour le rouge, le gris ou les deux ?<\/div>\n<div><\/div>\n<div><\/div>\n<div><\/div>\n<\/div>\n<p><a target=\"_blank\" href=\"http:\/\/www.lamaisondemarine.fr\/index.php?id_category=57&amp;controller=category\" title=\"Linge de bain Pays Basque\"><img loading=\"lazy\" decoding=\"async\" class=\"aligncenter size-large wp-image-631\" src=\"https:\/\/nerima.fr\/blog\/wp-content\/uploads\/2016\/12\/IMG_1459-1024x683.jpg\" alt=\"Linge de bain Pays Basque rouge\" width=\"980\" height=\"654\" \/><\/a><\/p>\n<p><a target=\"_blank\" href=\"http:\/\/www.lamaisondemarine.fr\/index.php?id_category=57&amp;controller=category\" title=\"Linge de bain Pays Basque\"><img loading=\"lazy\" decoding=\"async\" class=\"aligncenter size-large wp-image-1762\" src=\"https:\/\/nerima.fr\/blog\/wp-content\/uploads\/2018\/09\/IMG_1330-1024x834.jpg\" alt=\"Linge de bain Pays Basque anthracite\" width=\"980\" height=\"798\" \/><\/a><\/p>\n<p>Vous \u00eates s\u00e9duits ? Alors <strong>Rdv<\/strong> tr\u00e8s vite sur le site<a target=\"_blank\" href=\"http:\/\/www.lamaisondemarine.fr\" title=\"La Maison de Marine\"><strong> www.lamaisondemarine.fr<\/strong> <\/a>ou au <strong>Show Room<\/strong> bordelais !<\/p>\n<p>A tr\u00e8s bient\u00f4t &#8230;<\/p>\n<p>Marine<\/p>\n","protected":false},"excerpt":{"rendered":"<p>Vous les avez attendues avec impatience, les Soldes sont l\u00e0 jusqu&rsquo;\u00e0 -50%, mais il va falloir faire vite, car il y a peu de pi\u00e8ces, alors rendez-vous sur www.lamaisondemarine.fr ! Alors \u00e0 vos marques, pr\u00eats, partez !!! Profitez de -50% sur les fins de s\u00e9rie de la collection \u00e9ponge Cap Ferret et sur la Percale [&hellip;]<\/p>\n","protected":false},"author":2,"featured_media":1929,"comment_status":"open","ping_status":"open","sticky":false,"template":"","format":"standard","meta":{"footnotes":""},"categories":[11,12,14],"tags":[90,202,208,209,210,261,275,332],"class_list":["post-1909","post","type-post","status-publish","format-standard","has-post-thumbnail","hentry","category-linge-basque","category-linge-de-bain","category-linge-de-maison","tag-coton","tag-lin-lave","tag-linge-de-bain","tag-linge-de-lit","tag-linge-de-maison","tag-palette","tag-percale","tag-soldes","has-post-title","has-post-date","has-post-category","has-post-tag","has-post-comment","has-post-author",""],"builder_content":"","_links":{"self":[{"href":"https:\/\/nerima.fr\/blog\/wp-json\/wp\/v2\/posts\/1909","targetHints":{"allow":["GET"]}}],"collection":[{"href":"https:\/\/nerima.fr\/blog\/wp-json\/wp\/v2\/posts"}],"about":[{"href":"https:\/\/nerima.fr\/blog\/wp-json\/wp\/v2\/types\/post"}],"author":[{"embeddable":true,"href":"https:\/\/nerima.fr\/blog\/wp-json\/wp\/v2\/users\/2"}],"replies":[{"embeddable":true,"href":"https:\/\/nerima.fr\/blog\/wp-json\/wp\/v2\/comments?post=1909"}],"version-history":[{"count":0,"href":"https:\/\/nerima.fr\/blog\/wp-json\/wp\/v2\/posts\/1909\/revisions"}],"wp:featuredmedia":[{"embeddable":true,"href":"https:\/\/nerima.fr\/blog\/wp-json\/"}],"wp:attachment":[{"href":"https:\/\/nerima.fr\/blog\/wp-json\/wp\/v2\/media?parent=1909"}],"wp:term":[{"taxonomy":"category","embeddable":true,"href":"https:\/\/nerima.fr\/blog\/wp-json\/wp\/v2\/categories?post=1909"},{"taxonomy":"post_tag","embeddable":true,"href":"https:\/\/nerima.fr\/blog\/wp-json\/wp\/v2\/tags?post=1909"}],"curies":[{"name":"wp","href":"https:\/\/api.w.org\/{rel}","templated":true}]}}