{"id":502,"date":"2016-11-02T11:37:51","date_gmt":"2016-11-02T11:37:51","guid":{"rendered":"http:\/\/lamaisondemarine.fr\/blog\/?p=502"},"modified":"2016-11-02T11:37:51","modified_gmt":"2016-11-02T11:37:51","slug":"ouverture-du-show-room-nerima","status":"publish","type":"post","link":"https:\/\/nerima.fr\/blog\/ouverture-du-show-room-nerima\/","title":{"rendered":"Ouverture du Show Room Nerima"},"content":{"rendered":"<p><strong>On court au\u00a0nouveau Show Room de linge de maison Bordelais<\/strong> \u00a0&#8230;<\/p>\n<p>Nous avons\u00a0l&rsquo;immense plaisir de vous annoncer l&rsquo;ouverture du\u00a0<b>Show Room <\/b>de la marque de linge de maison <strong>Nerima<\/strong> sur\u00a0<b>Bordeaux<\/b>.<\/p>\n<p>Vous y trouverez tout le linge\u00a0n\u00e9cessaire \u00e0 l&rsquo;\u00e9quipement de votre maison c\u00f4t\u00e9 table, c\u00f4t\u00e9 bain ou c\u00f4t\u00e9 lit. Du beau <strong>linge de qualit\u00e9<\/strong> \u00e0 des <strong>prix raisonnables<\/strong> qui font le succ\u00e8s de la marque depuis plus de 10 ans. Vous craquerez pour les parures de lit en lin lav\u00e9 \u00e0 prix mini, les nappes en lin et le linge basque (pour la table et le bain), ainsi que pour les draps de bain et de plage confortables et ultra absorbants \u00a0&#8230;<\/p>\n<p><a href=\"https:\/\/nerima.fr\/blog\/wp-content\/uploads\/2016\/11\/COLLECTION-BULLE.jpg\"><img loading=\"lazy\" decoding=\"async\" class=\"aligncenter size-large wp-image-513\" src=\"https:\/\/nerima.fr\/blog\/wp-content\/uploads\/2016\/11\/COLLECTION-BULLE-1024x680.jpg\" alt=\"Collections Cap Ferret\" width=\"980\" height=\"651\" \/><\/a><\/p>\n<p>Marine, la cr\u00e9atrice,\u00a0vous y recevra sur rendez-vous de septembre \u00e0 juin et ponctuellement pour des ventes priv\u00e9es (sur invitation par mail apr\u00e8s inscription \u00e0 la newsletter du site<b>\u00a0<a target=\"_blank\" href=\"http:\/\/www.lamaisondemarine.fr\/\" data-cke-saved-href=\"http:\/\/www.lamaisondemarine.fr\/\">www.lamaisondemarine.fr<\/a><\/b>).<\/p>\n<p>Hors p\u00e9riodes de vente, il vous suffit d&rsquo;un simple appel au <b>0609594729<\/b>\u00a0ou en <a target=\"_blank\" href=\"https:\/\/docs.google.com\/forms\/d\/e\/1FAIpQLSd5Je6nnJoqoLRe4kj_A_2JcN3c2cW972tWjgyOZPeKtRe5mQ\/viewform\" title=\"Prendre rendez-vous avec Marine\">laissant vos coordonn\u00e9es ici<\/a> pour convenir d&rsquo;un cr\u00e9neau, afin de venir d\u00e9couvrir les collections et profiter de promotions sur les fins de s\u00e9rie. Elle vous confiera \u00e9galement ses astuces et pourra vous apporter des conseils en d\u00e9coration, pour le choix de vos coloris ou dimensions, pour l&rsquo;am\u00e9nagement ou encore l&rsquo;entretien de votre linge &#8230; Ce sera l&rsquo;occasion de partager un moment convivial autour d&rsquo;un th\u00e9 ou d&rsquo;un caf\u00e9 &#8230;<\/p>\n<p>N&rsquo;h\u00e9sitez pas \u00e0 inviter vos amis et \u00e0 venir accompagn\u00e9 !<\/p>\n<p><a href=\"https:\/\/nerima.fr\/blog\/wp-content\/uploads\/2016\/05\/13249504_10206395481821963_1033456441_n.jpg\"><img loading=\"lazy\" decoding=\"async\" class=\"aligncenter size-full wp-image-339\" src=\"https:\/\/nerima.fr\/blog\/wp-content\/uploads\/2016\/05\/13249504_10206395481821963_1033456441_n.jpg\" alt=\"tendances d\u00e9co 2016\" width=\"800\" height=\"800\" \/><\/a>Autre bonne nouvelle, le r\u00e9assort tant attendu\u00a0\u00a0du <b><a target=\"_blank\" href=\"http:\/\/www.lamaisondemarine.fr\/33-cote-lit\" data-cke-saved-href=\"http:\/\/www.lamaisondemarine.fr\/33-cote-lit\">lin lav\u00e9<\/a> <\/b>est arriv\u00e9. Apr\u00e8s l&rsquo;immense succ\u00e8s rencontr\u00e9 par nos collections de <b><a target=\"_blank\" href=\"http:\/\/www.lamaisondemarine.fr\/33-cote-lit\" data-cke-saved-href=\"http:\/\/www.lamaisondemarine.fr\/33-cote-lit\">linge de lit<\/a> <\/b>cette ann\u00e9e, vous pouvez \u00e0 nouveau les retrouver sur votre site pr\u00e9f\u00e9r\u00e9<b>\u00a0<a target=\"_blank\" href=\"http:\/\/www.lamaisondemarine.fr\/\" data-cke-saved-href=\"http:\/\/www.lamaisondemarine.fr\/\">www.lamaisondemarine.fr<\/a>\u00a0<\/b>et au Show Room bien entendu.<\/p>\n<p>&nbsp;<\/p>\n<p><a href=\"https:\/\/nerima.fr\/blog\/wp-content\/uploads\/2016\/07\/DSC00172.jpg\"><img loading=\"lazy\" decoding=\"async\" class=\"aligncenter size-large wp-image-455\" src=\"https:\/\/nerima.fr\/blog\/wp-content\/uploads\/2016\/07\/DSC00172-1024x683.jpg\" alt=\"Lin lav\u00e9\" width=\"980\" height=\"654\" \/><\/a><\/p>\n<p>Un nouveau coloris est venu pour cette saison compl\u00e9ter la gamme, nous vous le d\u00e9voilerons prochainement &#8230;<\/p>\n<p>Je vous dis \u00e0 tr\u00e8s bient\u00f4t &#8230;<\/p>\n","protected":false},"excerpt":{"rendered":"<p>On court au\u00a0nouveau Show Room de linge de maison Bordelais \u00a0&#8230; Nous avons\u00a0l&rsquo;immense plaisir de vous annoncer l&rsquo;ouverture du\u00a0Show Room de la marque de linge de maison Nerima sur\u00a0Bordeaux. Vous y trouverez tout le linge\u00a0n\u00e9cessaire \u00e0 l&rsquo;\u00e9quipement de votre maison c\u00f4t\u00e9 table, c\u00f4t\u00e9 bain ou c\u00f4t\u00e9 lit. Du beau linge de qualit\u00e9 \u00e0 des prix [&hellip;]<\/p>\n","protected":false},"author":2,"featured_media":506,"comment_status":"open","ping_status":"open","sticky":false,"template":"","format":"standard","meta":{"footnotes":""},"categories":[14],"tags":[60,132,202,207,210,330,349],"class_list":["post-502","post","type-post","status-publish","format-standard","has-post-thumbnail","hentry","category-linge-de-maison","tag-bordeaux","tag-eponge","tag-lin-lave","tag-linge-basque","tag-linge-de-maison","tag-show-room","tag-tendance-linge-decoration","has-post-title","has-post-date","has-post-category","has-post-tag","has-post-comment","has-post-author",""],"builder_content":"","_links":{"self":[{"href":"https:\/\/nerima.fr\/blog\/wp-json\/wp\/v2\/posts\/502","targetHints":{"allow":["GET"]}}],"collection":[{"href":"https:\/\/nerima.fr\/blog\/wp-json\/wp\/v2\/posts"}],"about":[{"href":"https:\/\/nerima.fr\/blog\/wp-json\/wp\/v2\/types\/post"}],"author":[{"embeddable":true,"href":"https:\/\/nerima.fr\/blog\/wp-json\/wp\/v2\/users\/2"}],"replies":[{"embeddable":true,"href":"https:\/\/nerima.fr\/blog\/wp-json\/wp\/v2\/comments?post=502"}],"version-history":[{"count":0,"href":"https:\/\/nerima.fr\/blog\/wp-json\/wp\/v2\/posts\/502\/revisions"}],"wp:featuredmedia":[{"embeddable":true,"href":"https:\/\/nerima.fr\/blog\/wp-json\/"}],"wp:attachment":[{"href":"https:\/\/nerima.fr\/blog\/wp-json\/wp\/v2\/media?parent=502"}],"wp:term":[{"taxonomy":"category","embeddable":true,"href":"https:\/\/nerima.fr\/blog\/wp-json\/wp\/v2\/categories?post=502"},{"taxonomy":"post_tag","embeddable":true,"href":"https:\/\/nerima.fr\/blog\/wp-json\/wp\/v2\/tags?post=502"}],"curies":[{"name":"wp","href":"https:\/\/api.w.org\/{rel}","templated":true}]}}