{"id":932,"date":"2017-04-01T09:00:01","date_gmt":"2017-04-01T09:00:01","guid":{"rendered":"http:\/\/lamaisondemarine.fr\/blog\/?p=932"},"modified":"2017-04-01T09:00:01","modified_gmt":"2017-04-01T09:00:01","slug":"retour-au-cap-ferret","status":"publish","type":"post","link":"https:\/\/nerima.fr\/blog\/retour-au-cap-ferret\/","title":{"rendered":"RETOUR AU CAP FERRET &#8230;"},"content":{"rendered":"<p>La <strong>saison printemps-\u00e9t\u00e9 2017<\/strong> d\u00e9marre, alors venez me retrouver tous les<b> samedis<\/b> matins sur le march\u00e9 du <b>Cap Ferret<\/b> !<\/p>\n<p>Ce sera l&rsquo;occasion de profiter du<b> grand d\u00e9stockage<\/b> sur les fins de s\u00e9rie de votre marque de linge de maison pr\u00e9f\u00e9r\u00e9e <b><a target=\"_blank\" href=\"http:\/\/www.lamaisondemarine.fr\/40-promotions\">Nerima<\/a><\/b><b> <\/b>et les collections de pr\u00eat-\u00e0-porter <a target=\"_blank\" href=\"https:\/\/nerima.fr\/blog\/notre-coup-de-coeur-pour-belle-toile\/\"><b>Belle &amp; Toile<\/b><\/a>.<\/p>\n<p><b>-50%<\/b> sur tout le textile pour le lit, la table, le bain, la plage et la femme. Ne manquez pas \u00e7a ! Je vous attends !!!<\/p>\n<p>Venez\u00a0b\u00e9n\u00e9ficier de r\u00e9ductions sur quelques<a href=\"http:\/\/www.lamaisondemarine.fr\/le-lin-lave\/728-linge-de-table-en-lin-lave-framboise-3760251690913.html\" title=\"Nappe en lin lav\u00e9 sold\u00e9e\"><strong> nappes en lin lav\u00e9<\/strong><\/a> et sur les <strong>serviettes<\/strong> de table assorties, mais attention il n\u2019en reste que tr\u00e8s peu \u2026<\/p>\n<p><a href=\"http:\/\/www.lamaisondemarine.fr\/le-lin-lave\/728-linge-de-table-en-lin-lave-framboise-3760251690913.html\" title=\"Nappe en lin lav\u00e9e sold\u00e9e\"><img loading=\"lazy\" decoding=\"async\" class=\"aligncenter size-large wp-image-703\" src=\"https:\/\/nerima.fr\/blog\/wp-content\/uploads\/2017\/01\/IMG_2141-1024x683.jpg\" alt=\"Nappe en lin lav\u00e9 framboise\" width=\"980\" height=\"654\" \/><\/a><\/p>\n<p>Vous avez besoin d\u2019un <a href=\"http:\/\/www.lamaisondemarine.fr\/cote-lit\/759-drap-housse-en-lin-lave-gris.html\" title=\"Drap housse en lin sold\u00e9\"><strong>drap housse en lin<\/strong><\/a> pour recouvrir un matelas de banquette, pour un <a href=\"https:\/\/nerima.fr\/blog\/tendance-deco-le-salon-palette\/\" title=\"Salon palette et lin\">salon palette<\/a> par exemple, ou tout simplement pour un lit simple d\u2019une chambre d\u2019amis ou d\u2019enfants, \u00e7a tombe bien on vous en propose quelques uns en soldes \u2026 <a href=\"http:\/\/www.lamaisondemarine.fr\/cote-lit\/764-drap-housse-en-lin-lave-framboise.html\" title=\"Drap housse framboise sold\u00e9e\">Framboise<\/a> ou <a href=\"http:\/\/www.lamaisondemarine.fr\/cote-lit\/759-drap-housse-en-lin-lave-gris.html\" title=\"Drap housse en lin lav\u00e9 sold\u00e9\">gris<\/a> ? Faites vite si vous voulez avoir le choix !<\/p>\n<p><a href=\"http:\/\/www.lamaisondemarine.fr\/cote-lit\/759-drap-housse-en-lin-lave-gris.html\" title=\"Drap housse en lin lav\u00e9 sold\u00e9\"><img loading=\"lazy\" decoding=\"async\" class=\"aligncenter size-large wp-image-706\" src=\"https:\/\/nerima.fr\/blog\/wp-content\/uploads\/2017\/01\/051A1530-1024x683.jpg\" alt=\"Drap housse en lin lav\u00e9\" width=\"980\" height=\"654\" \/><\/a><\/p>\n<p>Vous r\u00eavez de dormir dans de beaux <a href=\"http:\/\/www.lamaisondemarine.fr\/cote-lit\/767-drap-plat-en-lin-lave-turquoise.html\" title=\"Drap plat en lin sold\u00e9\"><strong>draps en pur lin lav\u00e9<\/strong><\/a> ou de compl\u00e9ter les parures que vous avez d\u00e9j\u00e0 achet\u00e9es, alors c\u2019est le moment de craquer puisqu\u2019une partie de la collection est sold\u00e9e \u2026\u00a0Le lin lav\u00e9 est l\u00e9ger, frais en \u00e9t\u00e9 et confortable en hiver\u2026 Facile \u00e0 vivre, l\u00e9g\u00e8rement froiss\u00e9, puisqu\u2019il ne se repasse pas, et lav\u00e9 pour plus de douceur, de souplesse et de modernit\u00e9, il s\u2019assouplit et s\u2019embellit au fil du temps. Son caract\u00e8re brut est tr\u00e8s tendance. Vous allez l\u2019adorer !<\/p>\n<p><strong><a href=\"http:\/\/www.lamaisondemarine.fr\/cote-lit\/765-drap-plat-en-lin-lave-framboise.html\" title=\"Drap plat en lin lav\u00e9 framboise sold\u00e9\">Framboise<\/a><\/strong> ou <strong><a href=\"http:\/\/www.lamaisondemarine.fr\/cote-lit\/767-drap-plat-en-lin-lave-turquoise.html\" title=\"Drap plat en lin lav\u00e9 turquoise sold\u00e9\">lagon<\/a><\/strong> ? Lequel choisirez-vous ?<\/p>\n<p><a href=\"http:\/\/www.lamaisondemarine.fr\/cote-lit\/765-drap-plat-en-lin-lave-framboise.html\" title=\"Drap plat sold\u00e9\"><img loading=\"lazy\" decoding=\"async\" class=\"aligncenter size-large wp-image-704\" src=\"https:\/\/nerima.fr\/blog\/wp-content\/uploads\/2017\/01\/051A1763-1024x683.jpg\" alt=\"Drap en lin lav\u00e9 framboise\" width=\"980\" height=\"654\" \/><\/a><\/p>\n<p>Vous souhaitez renouveler vos\u00a0serviettes et aimez l\u2019\u00e9ponge confortable et moelleuse, alors le <a href=\"http:\/\/www.lamaisondemarine.fr\/cote-bain\/699-linge-de-bain-pays-basque-blanc-3760251690654.html\" title=\"Drap de bain pays basque sold\u00e9\">drap de bain pays basque \u00e0 -50%<\/a> vous comblera \u2026<\/p>\n<p><a href=\"http:\/\/www.lamaisondemarine.fr\/cote-bain\/699-linge-de-bain-pays-basque-blanc-3760251690654.html\" title=\"Drap de bain pays basque sold\u00e9\"><img loading=\"lazy\" decoding=\"async\" class=\"aligncenter size-large wp-image-709\" src=\"https:\/\/nerima.fr\/blog\/wp-content\/uploads\/2017\/01\/6-1024x724.jpg\" alt=\"Drap de bain pays basque blanc\" width=\"980\" height=\"693\" \/><\/a><\/p>\n<p>Vous adorez l\u2019esth\u00e9tique du nid d\u2019abeille associ\u00e9 au confort de l\u2019\u00e9ponge, alors optez pour la collection <a href=\"http:\/\/www.lamaisondemarine.fr\/cote-bain\/675-drap-de-bain-bi-matiere-camel-100x180--3760251690494.html\" title=\"Bi-mati\u00e8re Cocoon sold\u00e9\"><strong>Cocoon<\/strong><\/a> en coton 500 gr\/m\u00b2 \u00e0 <strong>-50% <\/strong>!<\/p>\n<p><a href=\"http:\/\/www.lamaisondemarine.fr\/cote-bain\/675-drap-de-bain-bi-matiere-camel-100x180--3760251690494.html\" title=\"Drap de bain bi-mati\u00e8re nid d'abeille \u00e9ponge sold\u00e9\"><img loading=\"lazy\" decoding=\"async\" class=\"aligncenter size-large wp-image-710\" src=\"https:\/\/nerima.fr\/blog\/wp-content\/uploads\/2017\/01\/DSC_0316-1024x680.jpg\" alt=\"Cocoon \" width=\"980\" height=\"651\" \/><\/a><\/p>\n<p>Vous recherchez le c\u00f4t\u00e9 pratique et pr\u00e9f\u00e9rez les serviettes fines, l\u00e9g\u00e8res et peu encombrantes, craquez pour la collection <a href=\"http:\/\/www.lamaisondemarine.fr\/collection-cap-ferret-\/711-collection-bain-cap-ferret-blanc-camel-3760251690784.html\" title=\"Drap de bain Cap Ferret sold\u00e9\"><strong>Cap Ferret<\/strong><\/a> en pur coton \u00e0 moiti\u00e9 prix !<\/p>\n<p><a href=\"http:\/\/www.lamaisondemarine.fr\/collection-cap-ferret-\/707-collection-bain-cap-ferret-camel-3760251690746.html\" title=\"Serviettes \u00e9ponges Cap Ferret sold\u00e9es\"><img loading=\"lazy\" decoding=\"async\" class=\"aligncenter size-large wp-image-714\" src=\"https:\/\/nerima.fr\/blog\/wp-content\/uploads\/2017\/01\/DSC_0848-1024x680.jpg\" alt=\"Serviettes Cap Ferret\" width=\"980\" height=\"651\" \/><\/a>Enfin, vous \u00eates chanceux et partez au soleil ou vous voulez anticiper la saison estivale, alors profitez des soldes pour vous offrir un drap de hammam ou un par\u00e9o tr\u00e9s tendance, pratique et ultra l\u00e9ger \u2026 Lequel choisirez-vous le <a href=\"http:\/\/www.lamaisondemarine.fr\/accueil\/889-drap-de-hammam-flash-3760251697622.html\" title=\"Par\u00e9o coton Tie &amp; Dye sold\u00e9\"><strong>Tie &amp; Dye<\/strong><\/a>\u00a0\u2026<\/p>\n<p><a href=\"http:\/\/www.lamaisondemarine.fr\/accueil\/889-drap-de-hammam-flash-3760251697622.html\" title=\"Par\u00e9o coton Tie &amp; Dye sold\u00e9\"><img loading=\"lazy\" decoding=\"async\" class=\"aligncenter size-full wp-image-715\" src=\"https:\/\/nerima.fr\/blog\/wp-content\/uploads\/2017\/01\/flash.jpg\" alt=\"Par\u00e9o Tie &amp; Dye\" width=\"912\" height=\"684\" \/><\/a><\/p>\n<p>Ou le <a href=\"http:\/\/www.lamaisondemarine.fr\/accueil\/888-drap-de-hammam-nid-d-abeille-3760251697561.html\" title=\"Drap de hammam nid d'abeille sold\u00e9\"><strong>Drap de Hammam<\/strong><\/a> nid d\u2019abeille en coton recycl\u00e9 ?<\/p>\n<p><a href=\"http:\/\/www.lamaisondemarine.fr\/accueil\/888-drap-de-hammam-nid-d-abeille-3760251697561.html\" title=\"Drap de hammam en coton recycl\u00e9 sold\u00e9\"><img loading=\"lazy\" decoding=\"async\" class=\"aligncenter size-full wp-image-717\" src=\"https:\/\/nerima.fr\/blog\/wp-content\/uploads\/2017\/01\/recycle-pestemal-beach-towel-1.jpg\" alt=\"Drap de hammam recycle\" width=\"333\" height=\"600\" \/><\/a><\/p>\n<p>Si vous ne pouvez venir sur le march\u00e9 et pour acc\u00e9der \u00e0 toutes les <strong>soldes<\/strong> de la marque de <strong>linge de maison de qualit\u00e9 Nerima<\/strong>, rendez-vous sur le site <strong><a href=\"http:\/\/www.lamaisondemarine.fr\/40-promotions\" title=\"Soldes\">www.lamaisondemarine.fr<\/a>\u00a0!\u00a0<\/strong>Faites vite si vous voulez faire des affaires car il y a peu de pi\u00e8ces \u2026<\/p>\n<p>Pour les plus chanceux, qui viendront sur le Bassin, profitez-en \u00e9galement pour\u00a0vous balader sur la presqu\u2019\u00eele et aller pourquoi pas d\u00e9guster quelques hu\u00eetres \u00e0 la <strong><a href=\"https:\/\/nerima.fr\/blog\/467\/\" title=\"Cabane 24\">Cabane 24<\/a>\u00a0&#8230;<\/strong><\/p>\n<p><a href=\"https:\/\/nerima.fr\/blog\/467\/\" title=\"Cabane 24\"><img loading=\"lazy\" decoding=\"async\" class=\"aligncenter size-large wp-image-479\" src=\"https:\/\/nerima.fr\/blog\/wp-content\/uploads\/2016\/08\/DSC00299-1024x683.jpg\" alt=\"Cabane 24\" width=\"980\" height=\"654\" \/><\/a><\/p>\n<p>Bon weekend \u00e0 tous et \u00e0 tr\u00e8s vite !<\/p>\n<p>Marine<\/p>\n","protected":false},"excerpt":{"rendered":"<p>La saison printemps-\u00e9t\u00e9 2017 d\u00e9marre, alors venez me retrouver tous les samedis matins sur le march\u00e9 du Cap Ferret ! Ce sera l&rsquo;occasion de profiter du grand d\u00e9stockage sur les fins de s\u00e9rie de votre marque de linge de maison pr\u00e9f\u00e9r\u00e9e Nerima et les collections de pr\u00eat-\u00e0-porter Belle &amp; Toile. -50% sur tout le textile [&hellip;]<\/p>\n","protected":false},"author":2,"featured_media":935,"comment_status":"open","ping_status":"open","sticky":false,"template":"","format":"standard","meta":{"footnotes":""},"categories":[14,17],"tags":[114,150,210,225,289],"class_list":["post-932","post","type-post","status-publish","format-standard","has-post-thumbnail","hentry","category-linge-de-maison","category-promotions","tag-destockage","tag-fins-de-serie","tag-linge-de-maison","tag-marche-du-cap-ferret","tag-pret-a-porter","has-post-title","has-post-date","has-post-category","has-post-tag","has-post-comment","has-post-author",""],"builder_content":"","_links":{"self":[{"href":"https:\/\/nerima.fr\/blog\/wp-json\/wp\/v2\/posts\/932","targetHints":{"allow":["GET"]}}],"collection":[{"href":"https:\/\/nerima.fr\/blog\/wp-json\/wp\/v2\/posts"}],"about":[{"href":"https:\/\/nerima.fr\/blog\/wp-json\/wp\/v2\/types\/post"}],"author":[{"embeddable":true,"href":"https:\/\/nerima.fr\/blog\/wp-json\/wp\/v2\/users\/2"}],"replies":[{"embeddable":true,"href":"https:\/\/nerima.fr\/blog\/wp-json\/wp\/v2\/comments?post=932"}],"version-history":[{"count":0,"href":"https:\/\/nerima.fr\/blog\/wp-json\/wp\/v2\/posts\/932\/revisions"}],"wp:featuredmedia":[{"embeddable":true,"href":"https:\/\/nerima.fr\/blog\/wp-json\/"}],"wp:attachment":[{"href":"https:\/\/nerima.fr\/blog\/wp-json\/wp\/v2\/media?parent=932"}],"wp:term":[{"taxonomy":"category","embeddable":true,"href":"https:\/\/nerima.fr\/blog\/wp-json\/wp\/v2\/categories?post=932"},{"taxonomy":"post_tag","embeddable":true,"href":"https:\/\/nerima.fr\/blog\/wp-json\/wp\/v2\/tags?post=932"}],"curies":[{"name":"wp","href":"https:\/\/api.w.org\/{rel}","templated":true}]}}